{"id":2732,"date":"2025-04-01T21:28:32","date_gmt":"2025-04-01T20:28:32","guid":{"rendered":"https:\/\/boscvidra.com\/?p=2732"},"modified":"2025-04-11T15:13:04","modified_gmt":"2025-04-11T14:13:04","slug":"connecta-amb-el-teu-equip-en-un-entorn-natural-excepcional","status":"publish","type":"post","link":"https:\/\/boscvidra.com\/es\/sobre-bosc-vidra\/connecta-amb-el-teu-equip-en-un-entorn-natural-excepcional\/","title":{"rendered":"Conecta con tu equipo en un entorno natural excepcional"},"content":{"rendered":"<div class=\"wp-block-uagb-image uagb-block-5a5a2f3d wp-block-uagb-image--layout-default wp-block-uagb-image--effect-static wp-block-uagb-image--align-none\"><figure class=\"wp-block-uagb-image__figure\"><img decoding=\"async\" srcset=\"https:\/\/boscvidra.com\/wp-content\/uploads\/2025\/04\/ElCavallerdeVidra-74-1024x683.jpg ,https:\/\/boscvidra.com\/wp-content\/uploads\/2025\/04\/ElCavallerdeVidra-74.jpg 780w, https:\/\/boscvidra.com\/wp-content\/uploads\/2025\/04\/ElCavallerdeVidra-74.jpg 360w\" sizes=\"auto, (max-width: 480px) 150px\" src=\"https:\/\/boscvidra.com\/wp-content\/uploads\/2025\/04\/ElCavallerdeVidra-74-1024x683.jpg\" alt=\"Teambuilding en Bosc Vidr\u00e0\" class=\"uag-image-2741\" width=\"1024\" height=\"683\" title=\"teambuilding en Bosc Vidra\" loading=\"lazy\" role=\"img\"\/><\/figure><\/div>\n\n\n\n<div style=\"height:50px\" aria-hidden=\"true\" class=\"wp-block-spacer\"><\/div>\n\n\n\n<blockquote class=\"wp-block-quote is-layout-flow wp-block-quote-is-layout-flow\">\n<p><br>En un mundo donde el trabajo en oficina y la tecnolog\u00eda dominan nuestro d\u00eda a d\u00eda, salir a la naturaleza se ha convertido en una necesidad para empresas que buscan mejorar la cohesi\u00f3n de sus equipos. Organizar actividades de team building en la naturaleza no solo fortalece las relaciones laborales, sino que tambi\u00e9n potencia el bienestar, la creatividad y la productividad de los empleados. En Bosc Vidr\u00e0, un espacio para retiros y talleres, encontrar\u00e1s el lugar perfecto para desconectar del estr\u00e9s urbano y reconectar con la esencia del trabajo en equipo.<\/p>\n<\/blockquote>\n\n\n\n<div style=\"height:50px\" aria-hidden=\"true\" class=\"wp-block-spacer\"><\/div>\n\n\n\n<h3 class=\"wp-block-heading\">Beneficios de salir a la naturaleza para empresas<\/h3>\n\n\n\n<p><strong>Mejora la comunicaci\u00f3n y la colaboraci\u00f3n<\/strong><\/p>\n\n\n\n<p>En un entorno natural, las barreras jer\u00e1rquicas tienden a reducirse, facilitando una comunicaci\u00f3n m\u00e1s fluida entre compa\u00f1eros.<\/p>\n\n\n\n<p><strong>Reduce el estr\u00e9s y mejora la salud mental<\/strong><\/p>\n\n\n\n<p>Estudios demuestran que la exposici\u00f3n a la naturaleza reduce los niveles de cortisol, la hormona del estr\u00e9s, y aumenta la sensaci\u00f3n de bienestar.<\/p>\n\n\n\n<p><strong>Impulsa la creatividad y la resoluci\u00f3n de problemas<\/strong><\/p>\n\n\n\n<p>Estar al aire libre permite pensar con mayor claridad, favoreciendo la generaci\u00f3n de ideas innovadoras y estrategias m\u00e1s efectivas.<\/p>\n\n\n\n<p><strong>Refuerza la motivaci\u00f3n y el sentido de pertenencia<\/strong><\/p>\n\n\n\n<p>Participar en actividades al aire libre fortalece la relaci\u00f3n con la empresa y refuerza el compromiso con sus valores.<\/p>\n\n\n\n<p><strong>Mayor productividad<\/strong><\/p>\n\n\n\n<p>Un equipo relajado y cohesionado trabaja mejor, lo que se traduce en un rendimiento superior en el d\u00eda a d\u00eda.<\/p>\n\n\n\n<div style=\"height:50px\" aria-hidden=\"true\" class=\"wp-block-spacer\"><\/div>\n\n\n\n<h3 class=\"wp-block-heading\">Beneficios de la naturaleza para quienes trabajan con tecnolog\u00eda y en oficina<\/h3>\n\n\n\n<p>Para quienes pasan horas en espacios cerrados o frente a una pantalla, un retiro de bienestar en Catalu\u00f1a es la soluci\u00f3n perfecta para recargar energ\u00edas. La exposici\u00f3n a la luz natural y el aire fresco mejora la concentraci\u00f3n y reduce la fatiga ocular y el agotamiento mental. Adem\u00e1s, realizar reuniones y eventos en entornos naturales fomenta la creatividad y la conexi\u00f3n con los dem\u00e1s, potenciando la calidad del trabajo en equipo.<\/p>\n\n\n\n<div style=\"height:50px\" aria-hidden=\"true\" class=\"wp-block-spacer\"><\/div>\n\n\n\n<h3 class=\"wp-block-heading\">Descubrir cosas nuevas fortalece los equipos<\/h3>\n\n\n\n<p>Cuando las empresas sacan a sus empleados de la rutina y los exponen a experiencias nuevas, el equipo se fortalece de forma natural. Actividades como senderismo, ba\u00f1os de bosque o din\u00e1micas de cooperaci\u00f3n en un espacio para formaci\u00f3n al aire libre no solo estimulan la mente, sino que tambi\u00e9n refuerzan la confianza y la cohesi\u00f3n grupal. En un ambiente relajado y sin presiones externas, los empleados aprenden a colaborar de manera m\u00e1s eficiente y a conocerse desde una perspectiva diferente.<\/p>\n\n\n\n<div style=\"height:50px\" aria-hidden=\"true\" class=\"wp-block-spacer\"><\/div>\n\n\n\n<div class=\"wp-block-uagb-image uagb-block-7d4b68de wp-block-uagb-image--layout-default wp-block-uagb-image--effect-static wp-block-uagb-image--align-none\"><figure class=\"wp-block-uagb-image__figure\"><img decoding=\"async\" srcset=\"https:\/\/boscvidra.com\/wp-content\/uploads\/2025\/04\/ElCavallerdeVidra-16-1024x683.jpg ,https:\/\/boscvidra.com\/wp-content\/uploads\/2025\/04\/ElCavallerdeVidra-16.jpg 780w, https:\/\/boscvidra.com\/wp-content\/uploads\/2025\/04\/ElCavallerdeVidra-16.jpg 360w\" sizes=\"auto, (max-width: 480px) 150px\" src=\"https:\/\/boscvidra.com\/wp-content\/uploads\/2025\/04\/ElCavallerdeVidra-16-1024x683.jpg\" alt=\"Bosc Vidra teambulding\" class=\"uag-image-2739\" width=\"1024\" height=\"683\" title=\"Bosc Vidra teambulding\" loading=\"lazy\" role=\"img\"\/><\/figure><\/div>\n\n\n\n<div style=\"height:50px\" aria-hidden=\"true\" class=\"wp-block-spacer\"><\/div>\n\n\n\n<h3 class=\"wp-block-heading\">Bosc Vidr\u00e0: Un espacio \u00fanico para eventos corporativos al aire libre<\/h3>\n\n\n\n<p>Ubicado en un paraje natural incomparable, Bosc Vidr\u00e0 es un espacio para yoga y meditaci\u00f3n en la naturaleza, ideal para empresas que buscan un entorno tranquilo para actividades de team building. Se trata de un proyecto familiar que no solo ofrece un alquiler de espacios en la naturaleza, sino que tambi\u00e9n promueve la conservaci\u00f3n del bosque y el ecosistema local. Al elegir este lugar para tus actividades empresariales, contribuyes a la regeneraci\u00f3n del entorno y permites que este proyecto sostenible contin\u00fae creciendo.<\/p>\n\n\n\n<p>Situado en Vidr\u00e0, Girona, Bosc Vidr\u00e0 se encuentra a tan solo:<\/p>\n\n\n\n<p>\u2022 <strong>1 hora y 30 minutos de Barcelona<\/strong><\/p>\n\n\n\n<p class=\"translation-block\">1 hora de  <strong>Girona<\/strong><\/p>\n\n\n\n<p class=\"translation-block\">1 hora y 45 minutos de <strong>Tarragona<\/strong><\/p>\n\n\n\n<p>Este entorno privilegiado es perfecto para actividades en la naturaleza para empresas, con espacios dise\u00f1ados para conectar con la tranquilidad del bosque mientras se fortalecen las relaciones laborales.<\/p>\n\n\n\n<div style=\"height:50px\" aria-hidden=\"true\" class=\"wp-block-spacer\"><\/div>\n\n\n\n<h3 class=\"wp-block-heading\">Contacta con nosotros y organiza tu evento en la naturaleza<\/h3>\n\n\n\n<p>Si buscas un alquiler para eventos corporativos al aire libre que combine sostenibilidad, bienestar y conexi\u00f3n con la naturaleza, Bosc Vidr\u00e0 es la mejor opci\u00f3n. Ponte en contacto con nosotros para conocer todas las opciones disponibles y personalizar la experiencia seg\u00fan las necesidades de tu equipo.<\/p>\n\n\n\n<div style=\"height:50px\" aria-hidden=\"true\" class=\"wp-block-spacer\"><\/div>\n\n\n\n<p class=\"translation-block\"><a href=\"mailto:info@boscvidra.com\" target=\"_self\">Escr\u00edbenos<\/a> y empieza a planificar tu pr\u00f3ximo evento corporativo en la naturaleza.<\/p>\n\n\n\n<p><\/p>\n\n\n\n<p><\/p>","protected":false},"excerpt":{"rendered":"<p>En un m\u00f3n on el treball d\u2019oficina i la tecnologia dominen el nostre dia a dia, sortir a la natura s\u2019ha convertit en una necessitat per a empreses que volen [&hellip;]<\/p>\n","protected":false},"author":1,"featured_media":2741,"comment_status":"open","ping_status":"open","sticky":false,"template":"","format":"standard","meta":{"_uag_custom_page_level_css":"","site-sidebar-layout":"default","site-content-layout":"","ast-site-content-layout":"default","site-content-style":"default","site-sidebar-style":"default","ast-global-header-display":"","ast-banner-title-visibility":"","ast-main-header-display":"","ast-hfb-above-header-display":"","ast-hfb-below-header-display":"","ast-hfb-mobile-header-display":"","site-post-title":"","ast-breadcrumbs-content":"","ast-featured-img":"disabled","footer-sml-layout":"","ast-disable-related-posts":"","theme-transparent-header-meta":"","adv-header-id-meta":"","stick-header-meta":"","header-above-stick-meta":"","header-main-stick-meta":"","header-below-stick-meta":"","astra-migrate-meta-layouts":"set","ast-page-background-enabled":"default","ast-page-background-meta":{"desktop":{"background-color":"var(--ast-global-color-4)","background-image":"","background-repeat":"repeat","background-position":"center center","background-size":"auto","background-attachment":"scroll","background-type":"","background-media":"","overlay-type":"","overlay-color":"","overlay-opacity":"","overlay-gradient":""},"tablet":{"background-color":"","background-image":"","background-repeat":"repeat","background-position":"center center","background-size":"auto","background-attachment":"scroll","background-type":"","background-media":"","overlay-type":"","overlay-color":"","overlay-opacity":"","overlay-gradient":""},"mobile":{"background-color":"","background-image":"","background-repeat":"repeat","background-position":"center center","background-size":"auto","background-attachment":"scroll","background-type":"","background-media":"","overlay-type":"","overlay-color":"","overlay-opacity":"","overlay-gradient":""}},"ast-content-background-meta":{"desktop":{"background-color":"var(--ast-global-color-5)","background-image":"","background-repeat":"repeat","background-position":"center center","background-size":"auto","background-attachment":"scroll","background-type":"","background-media":"","overlay-type":"","overlay-color":"","overlay-opacity":"","overlay-gradient":""},"tablet":{"background-color":"var(--ast-global-color-5)","background-image":"","background-repeat":"repeat","background-position":"center center","background-size":"auto","background-attachment":"scroll","background-type":"","background-media":"","overlay-type":"","overlay-color":"","overlay-opacity":"","overlay-gradient":""},"mobile":{"background-color":"var(--ast-global-color-5)","background-image":"","background-repeat":"repeat","background-position":"center center","background-size":"auto","background-attachment":"scroll","background-type":"","background-media":"","overlay-type":"","overlay-color":"","overlay-opacity":"","overlay-gradient":""}},"_EventAllDay":false,"_EventTimezone":"","_EventStartDate":"","_EventEndDate":"","_EventStartDateUTC":"","_EventEndDateUTC":"","_EventShowMap":false,"_EventShowMapLink":false,"_EventURL":"","_EventCost":"","_EventCostDescription":"","_EventCurrencySymbol":"","_EventCurrencyCode":"","_EventCurrencyPosition":"","_EventDateTimeSeparator":"","_EventTimeRangeSeparator":"","_EventOrganizerID":[],"_EventVenueID":[],"_OrganizerEmail":"","_OrganizerPhone":"","_OrganizerWebsite":"","_VenueAddress":"","_VenueCity":"","_VenueCountry":"","_VenueProvince":"","_VenueState":"","_VenueZip":"","_VenuePhone":"","_VenueURL":"","_VenueStateProvince":"","_VenueLat":"","_VenueLng":"","_VenueShowMap":false,"_VenueShowMapLink":false,"footnotes":""},"categories":[13],"tags":[],"class_list":["post-2732","post","type-post","status-publish","format-standard","has-post-thumbnail","hentry","category-sobre-bosc-vidra"],"yoast_head":"<!-- This site is optimized with the Yoast SEO plugin v27.4 - https:\/\/yoast.com\/product\/yoast-seo-wordpress\/ -->\n<title>Connecta amb el teu equip en un entorn natural excepcional - Bosc Vidr\u00e0<\/title>\n<meta name=\"description\" content=\"Descobreix els beneficis del teambuilding a la natura a Bosc Vidr\u00e0, un espai \u00fanic a Catalunya per a esdeveniments corporatius a l\u2019aire lliure.\" \/>\n<meta name=\"robots\" content=\"index, follow, max-snippet:-1, max-image-preview:large, max-video-preview:-1\" \/>\n<link rel=\"canonical\" href=\"https:\/\/boscvidra.com\/es\/sobre-bosc-vidra\/connecta-amb-el-teu-equip-en-un-entorn-natural-excepcional\/\" \/>\n<meta property=\"og:locale\" content=\"es_ES\" \/>\n<meta property=\"og:type\" content=\"article\" \/>\n<meta property=\"og:title\" content=\"Connecta amb el teu equip en un entorn natural excepcional - Bosc Vidr\u00e0\" \/>\n<meta property=\"og:description\" content=\"Descobreix els beneficis del teambuilding a la natura a Bosc Vidr\u00e0, un espai \u00fanic a Catalunya per a esdeveniments corporatius a l\u2019aire lliure.\" \/>\n<meta property=\"og:url\" content=\"https:\/\/boscvidra.com\/es\/sobre-bosc-vidra\/connecta-amb-el-teu-equip-en-un-entorn-natural-excepcional\/\" \/>\n<meta property=\"og:site_name\" content=\"Bosc Vidr\u00e0\" \/>\n<meta property=\"article:publisher\" content=\"https:\/\/www.facebook.com\/profile.php?id=61556356701093&amp;locale=es_ES\" \/>\n<meta property=\"article:published_time\" content=\"2025-04-01T20:28:32+00:00\" \/>\n<meta property=\"article:modified_time\" content=\"2025-04-11T14:13:04+00:00\" \/>\n<meta property=\"og:image\" content=\"https:\/\/boscvidra.com\/wp-content\/uploads\/2025\/04\/ElCavallerdeVidra-74.jpg\" \/>\n\t<meta property=\"og:image:width\" content=\"2048\" \/>\n\t<meta property=\"og:image:height\" content=\"1365\" \/>\n\t<meta property=\"og:image:type\" content=\"image\/jpeg\" \/>\n<meta name=\"author\" content=\"BoscVidr\u00e0\" \/>\n<meta name=\"twitter:card\" content=\"summary_large_image\" \/>\n<meta name=\"twitter:label1\" content=\"Escrito por\" \/>\n\t<meta name=\"twitter:data1\" content=\"BoscVidr\u00e0\" \/>\n\t<meta name=\"twitter:label2\" content=\"Tiempo de lectura\" \/>\n\t<meta name=\"twitter:data2\" content=\"4 minutos\" \/>\n<script type=\"application\/ld+json\" class=\"yoast-schema-graph\">{\"@context\":\"https:\\\/\\\/schema.org\",\"@graph\":[{\"@type\":\"Article\",\"@id\":\"https:\\\/\\\/boscvidra.com\\\/sobre-bosc-vidra\\\/connecta-amb-el-teu-equip-en-un-entorn-natural-excepcional\\\/#article\",\"isPartOf\":{\"@id\":\"https:\\\/\\\/boscvidra.com\\\/sobre-bosc-vidra\\\/connecta-amb-el-teu-equip-en-un-entorn-natural-excepcional\\\/\"},\"author\":{\"name\":\"BoscVidr\u00e0\",\"@id\":\"https:\\\/\\\/boscvidra.com\\\/#\\\/schema\\\/person\\\/54990dad38eee6c85f46910bec01abe2\"},\"headline\":\"Connecta amb el teu equip en un entorn natural excepcional\",\"datePublished\":\"2025-04-01T20:28:32+00:00\",\"dateModified\":\"2025-04-11T14:13:04+00:00\",\"mainEntityOfPage\":{\"@id\":\"https:\\\/\\\/boscvidra.com\\\/sobre-bosc-vidra\\\/connecta-amb-el-teu-equip-en-un-entorn-natural-excepcional\\\/\"},\"wordCount\":677,\"commentCount\":1,\"image\":{\"@id\":\"https:\\\/\\\/boscvidra.com\\\/sobre-bosc-vidra\\\/connecta-amb-el-teu-equip-en-un-entorn-natural-excepcional\\\/#primaryimage\"},\"thumbnailUrl\":\"https:\\\/\\\/boscvidra.com\\\/wp-content\\\/uploads\\\/2025\\\/04\\\/ElCavallerdeVidra-74.jpg\",\"articleSection\":[\"Sobre Bosc Vidr\u00e0\"],\"inLanguage\":\"es\",\"potentialAction\":[{\"@type\":\"CommentAction\",\"name\":\"Comment\",\"target\":[\"https:\\\/\\\/boscvidra.com\\\/sobre-bosc-vidra\\\/connecta-amb-el-teu-equip-en-un-entorn-natural-excepcional\\\/#respond\"]}]},{\"@type\":\"WebPage\",\"@id\":\"https:\\\/\\\/boscvidra.com\\\/sobre-bosc-vidra\\\/connecta-amb-el-teu-equip-en-un-entorn-natural-excepcional\\\/\",\"url\":\"https:\\\/\\\/boscvidra.com\\\/sobre-bosc-vidra\\\/connecta-amb-el-teu-equip-en-un-entorn-natural-excepcional\\\/\",\"name\":\"Connecta amb el teu equip en un entorn natural excepcional - Bosc Vidr\u00e0\",\"isPartOf\":{\"@id\":\"https:\\\/\\\/boscvidra.com\\\/#website\"},\"primaryImageOfPage\":{\"@id\":\"https:\\\/\\\/boscvidra.com\\\/sobre-bosc-vidra\\\/connecta-amb-el-teu-equip-en-un-entorn-natural-excepcional\\\/#primaryimage\"},\"image\":{\"@id\":\"https:\\\/\\\/boscvidra.com\\\/sobre-bosc-vidra\\\/connecta-amb-el-teu-equip-en-un-entorn-natural-excepcional\\\/#primaryimage\"},\"thumbnailUrl\":\"https:\\\/\\\/boscvidra.com\\\/wp-content\\\/uploads\\\/2025\\\/04\\\/ElCavallerdeVidra-74.jpg\",\"datePublished\":\"2025-04-01T20:28:32+00:00\",\"dateModified\":\"2025-04-11T14:13:04+00:00\",\"author\":{\"@id\":\"https:\\\/\\\/boscvidra.com\\\/#\\\/schema\\\/person\\\/54990dad38eee6c85f46910bec01abe2\"},\"description\":\"Descobreix els beneficis del teambuilding a la natura a Bosc Vidr\u00e0, un espai \u00fanic a Catalunya per a esdeveniments corporatius a l\u2019aire lliure.\",\"breadcrumb\":{\"@id\":\"https:\\\/\\\/boscvidra.com\\\/sobre-bosc-vidra\\\/connecta-amb-el-teu-equip-en-un-entorn-natural-excepcional\\\/#breadcrumb\"},\"inLanguage\":\"es\",\"potentialAction\":[{\"@type\":\"ReadAction\",\"target\":[\"https:\\\/\\\/boscvidra.com\\\/sobre-bosc-vidra\\\/connecta-amb-el-teu-equip-en-un-entorn-natural-excepcional\\\/\"]}]},{\"@type\":\"ImageObject\",\"inLanguage\":\"es\",\"@id\":\"https:\\\/\\\/boscvidra.com\\\/sobre-bosc-vidra\\\/connecta-amb-el-teu-equip-en-un-entorn-natural-excepcional\\\/#primaryimage\",\"url\":\"https:\\\/\\\/boscvidra.com\\\/wp-content\\\/uploads\\\/2025\\\/04\\\/ElCavallerdeVidra-74.jpg\",\"contentUrl\":\"https:\\\/\\\/boscvidra.com\\\/wp-content\\\/uploads\\\/2025\\\/04\\\/ElCavallerdeVidra-74.jpg\",\"width\":2048,\"height\":1365,\"caption\":\"Teambuilding en Bosc Vidr\u00e0\"},{\"@type\":\"BreadcrumbList\",\"@id\":\"https:\\\/\\\/boscvidra.com\\\/sobre-bosc-vidra\\\/connecta-amb-el-teu-equip-en-un-entorn-natural-excepcional\\\/#breadcrumb\",\"itemListElement\":[{\"@type\":\"ListItem\",\"position\":1,\"name\":\"Portada\",\"item\":\"https:\\\/\\\/boscvidra.com\\\/\"},{\"@type\":\"ListItem\",\"position\":2,\"name\":\"Connecta amb el teu equip en un entorn natural excepcional\"}]},{\"@type\":\"WebSite\",\"@id\":\"https:\\\/\\\/boscvidra.com\\\/#website\",\"url\":\"https:\\\/\\\/boscvidra.com\\\/\",\"name\":\"Bosc Vidr\u00e0\",\"description\":\"Bosc Vidr\u00e0\",\"potentialAction\":[{\"@type\":\"SearchAction\",\"target\":{\"@type\":\"EntryPoint\",\"urlTemplate\":\"https:\\\/\\\/boscvidra.com\\\/?s={search_term_string}\"},\"query-input\":{\"@type\":\"PropertyValueSpecification\",\"valueRequired\":true,\"valueName\":\"search_term_string\"}}],\"inLanguage\":\"es\"},{\"@type\":\"Person\",\"@id\":\"https:\\\/\\\/boscvidra.com\\\/#\\\/schema\\\/person\\\/54990dad38eee6c85f46910bec01abe2\",\"name\":\"BoscVidr\u00e0\",\"image\":{\"@type\":\"ImageObject\",\"inLanguage\":\"es\",\"@id\":\"https:\\\/\\\/secure.gravatar.com\\\/avatar\\\/11b024289cb3d6499fc8d099be357d12fd7ccce82f8a6947408acbfbc4a252c4?s=96&d=mm&r=g\",\"url\":\"https:\\\/\\\/secure.gravatar.com\\\/avatar\\\/11b024289cb3d6499fc8d099be357d12fd7ccce82f8a6947408acbfbc4a252c4?s=96&d=mm&r=g\",\"contentUrl\":\"https:\\\/\\\/secure.gravatar.com\\\/avatar\\\/11b024289cb3d6499fc8d099be357d12fd7ccce82f8a6947408acbfbc4a252c4?s=96&d=mm&r=g\",\"caption\":\"BoscVidr\u00e0\"},\"sameAs\":[\"http:\\\/\\\/boscvidra.com\"],\"url\":\"https:\\\/\\\/boscvidra.com\\\/es\\\/author\\\/admin\\\/\"}]}<\/script>\n<!-- \/ Yoast SEO plugin. -->","yoast_head_json":{"title":"Connecta amb el teu equip en un entorn natural excepcional - Bosc Vidr\u00e0","description":"Descobreix els beneficis del teambuilding a la natura a Bosc Vidr\u00e0, un espai \u00fanic a Catalunya per a esdeveniments corporatius a l\u2019aire lliure.","robots":{"index":"index","follow":"follow","max-snippet":"max-snippet:-1","max-image-preview":"max-image-preview:large","max-video-preview":"max-video-preview:-1"},"canonical":"https:\/\/boscvidra.com\/es\/sobre-bosc-vidra\/connecta-amb-el-teu-equip-en-un-entorn-natural-excepcional\/","og_locale":"es_ES","og_type":"article","og_title":"Connecta amb el teu equip en un entorn natural excepcional - Bosc Vidr\u00e0","og_description":"Descobreix els beneficis del teambuilding a la natura a Bosc Vidr\u00e0, un espai \u00fanic a Catalunya per a esdeveniments corporatius a l\u2019aire lliure.","og_url":"https:\/\/boscvidra.com\/es\/sobre-bosc-vidra\/connecta-amb-el-teu-equip-en-un-entorn-natural-excepcional\/","og_site_name":"Bosc Vidr\u00e0","article_publisher":"https:\/\/www.facebook.com\/profile.php?id=61556356701093&locale=es_ES","article_published_time":"2025-04-01T20:28:32+00:00","article_modified_time":"2025-04-11T14:13:04+00:00","og_image":[{"width":2048,"height":1365,"url":"https:\/\/boscvidra.com\/wp-content\/uploads\/2025\/04\/ElCavallerdeVidra-74.jpg","type":"image\/jpeg"}],"author":"BoscVidr\u00e0","twitter_card":"summary_large_image","twitter_misc":{"Escrito por":"BoscVidr\u00e0","Tiempo de lectura":"4 minutos"},"schema":{"@context":"https:\/\/schema.org","@graph":[{"@type":"Article","@id":"https:\/\/boscvidra.com\/sobre-bosc-vidra\/connecta-amb-el-teu-equip-en-un-entorn-natural-excepcional\/#article","isPartOf":{"@id":"https:\/\/boscvidra.com\/sobre-bosc-vidra\/connecta-amb-el-teu-equip-en-un-entorn-natural-excepcional\/"},"author":{"name":"BoscVidr\u00e0","@id":"https:\/\/boscvidra.com\/#\/schema\/person\/54990dad38eee6c85f46910bec01abe2"},"headline":"Connecta amb el teu equip en un entorn natural excepcional","datePublished":"2025-04-01T20:28:32+00:00","dateModified":"2025-04-11T14:13:04+00:00","mainEntityOfPage":{"@id":"https:\/\/boscvidra.com\/sobre-bosc-vidra\/connecta-amb-el-teu-equip-en-un-entorn-natural-excepcional\/"},"wordCount":677,"commentCount":1,"image":{"@id":"https:\/\/boscvidra.com\/sobre-bosc-vidra\/connecta-amb-el-teu-equip-en-un-entorn-natural-excepcional\/#primaryimage"},"thumbnailUrl":"https:\/\/boscvidra.com\/wp-content\/uploads\/2025\/04\/ElCavallerdeVidra-74.jpg","articleSection":["Sobre Bosc Vidr\u00e0"],"inLanguage":"es","potentialAction":[{"@type":"CommentAction","name":"Comment","target":["https:\/\/boscvidra.com\/sobre-bosc-vidra\/connecta-amb-el-teu-equip-en-un-entorn-natural-excepcional\/#respond"]}]},{"@type":"WebPage","@id":"https:\/\/boscvidra.com\/sobre-bosc-vidra\/connecta-amb-el-teu-equip-en-un-entorn-natural-excepcional\/","url":"https:\/\/boscvidra.com\/sobre-bosc-vidra\/connecta-amb-el-teu-equip-en-un-entorn-natural-excepcional\/","name":"Connecta amb el teu equip en un entorn natural excepcional - Bosc Vidr\u00e0","isPartOf":{"@id":"https:\/\/boscvidra.com\/#website"},"primaryImageOfPage":{"@id":"https:\/\/boscvidra.com\/sobre-bosc-vidra\/connecta-amb-el-teu-equip-en-un-entorn-natural-excepcional\/#primaryimage"},"image":{"@id":"https:\/\/boscvidra.com\/sobre-bosc-vidra\/connecta-amb-el-teu-equip-en-un-entorn-natural-excepcional\/#primaryimage"},"thumbnailUrl":"https:\/\/boscvidra.com\/wp-content\/uploads\/2025\/04\/ElCavallerdeVidra-74.jpg","datePublished":"2025-04-01T20:28:32+00:00","dateModified":"2025-04-11T14:13:04+00:00","author":{"@id":"https:\/\/boscvidra.com\/#\/schema\/person\/54990dad38eee6c85f46910bec01abe2"},"description":"Descobreix els beneficis del teambuilding a la natura a Bosc Vidr\u00e0, un espai \u00fanic a Catalunya per a esdeveniments corporatius a l\u2019aire lliure.","breadcrumb":{"@id":"https:\/\/boscvidra.com\/sobre-bosc-vidra\/connecta-amb-el-teu-equip-en-un-entorn-natural-excepcional\/#breadcrumb"},"inLanguage":"es","potentialAction":[{"@type":"ReadAction","target":["https:\/\/boscvidra.com\/sobre-bosc-vidra\/connecta-amb-el-teu-equip-en-un-entorn-natural-excepcional\/"]}]},{"@type":"ImageObject","inLanguage":"es","@id":"https:\/\/boscvidra.com\/sobre-bosc-vidra\/connecta-amb-el-teu-equip-en-un-entorn-natural-excepcional\/#primaryimage","url":"https:\/\/boscvidra.com\/wp-content\/uploads\/2025\/04\/ElCavallerdeVidra-74.jpg","contentUrl":"https:\/\/boscvidra.com\/wp-content\/uploads\/2025\/04\/ElCavallerdeVidra-74.jpg","width":2048,"height":1365,"caption":"Teambuilding en Bosc Vidr\u00e0"},{"@type":"BreadcrumbList","@id":"https:\/\/boscvidra.com\/sobre-bosc-vidra\/connecta-amb-el-teu-equip-en-un-entorn-natural-excepcional\/#breadcrumb","itemListElement":[{"@type":"ListItem","position":1,"name":"Portada","item":"https:\/\/boscvidra.com\/"},{"@type":"ListItem","position":2,"name":"Connecta amb el teu equip en un entorn natural excepcional"}]},{"@type":"WebSite","@id":"https:\/\/boscvidra.com\/#website","url":"https:\/\/boscvidra.com\/","name":"Bosc Vidr\u00e0","description":"Bosc Vidr\u00e0","potentialAction":[{"@type":"SearchAction","target":{"@type":"EntryPoint","urlTemplate":"https:\/\/boscvidra.com\/?s={search_term_string}"},"query-input":{"@type":"PropertyValueSpecification","valueRequired":true,"valueName":"search_term_string"}}],"inLanguage":"es"},{"@type":"Person","@id":"https:\/\/boscvidra.com\/#\/schema\/person\/54990dad38eee6c85f46910bec01abe2","name":"BoscVidr\u00e0","image":{"@type":"ImageObject","inLanguage":"es","@id":"https:\/\/secure.gravatar.com\/avatar\/11b024289cb3d6499fc8d099be357d12fd7ccce82f8a6947408acbfbc4a252c4?s=96&d=mm&r=g","url":"https:\/\/secure.gravatar.com\/avatar\/11b024289cb3d6499fc8d099be357d12fd7ccce82f8a6947408acbfbc4a252c4?s=96&d=mm&r=g","contentUrl":"https:\/\/secure.gravatar.com\/avatar\/11b024289cb3d6499fc8d099be357d12fd7ccce82f8a6947408acbfbc4a252c4?s=96&d=mm&r=g","caption":"BoscVidr\u00e0"},"sameAs":["http:\/\/boscvidra.com"],"url":"https:\/\/boscvidra.com\/es\/author\/admin\/"}]}},"uagb_featured_image_src":{"full":["https:\/\/boscvidra.com\/wp-content\/uploads\/2025\/04\/ElCavallerdeVidra-74.jpg",2048,1365,false],"thumbnail":["https:\/\/boscvidra.com\/wp-content\/uploads\/2025\/04\/ElCavallerdeVidra-74-150x150.jpg",150,150,true],"medium":["https:\/\/boscvidra.com\/wp-content\/uploads\/2025\/04\/ElCavallerdeVidra-74-300x200.jpg",300,200,true],"medium_large":["https:\/\/boscvidra.com\/wp-content\/uploads\/2025\/04\/ElCavallerdeVidra-74-768x512.jpg",768,512,true],"large":["https:\/\/boscvidra.com\/wp-content\/uploads\/2025\/04\/ElCavallerdeVidra-74-1024x683.jpg",1024,683,true],"1536x1536":["https:\/\/boscvidra.com\/wp-content\/uploads\/2025\/04\/ElCavallerdeVidra-74-1536x1024.jpg",1536,1024,true],"2048x2048":["https:\/\/boscvidra.com\/wp-content\/uploads\/2025\/04\/ElCavallerdeVidra-74.jpg",2048,1365,false],"trp-custom-language-flag":["https:\/\/boscvidra.com\/wp-content\/uploads\/2025\/04\/ElCavallerdeVidra-74-18x12.jpg",18,12,true]},"uagb_author_info":{"display_name":"BoscVidr\u00e0","author_link":"https:\/\/boscvidra.com\/es\/author\/admin\/"},"uagb_comment_info":3,"uagb_excerpt":"En un m\u00f3n on el treball d\u2019oficina i la tecnologia dominen el nostre dia a dia, sortir a la natura s\u2019ha convertit en una necessitat per a empreses que volen [&hellip;]","_links":{"self":[{"href":"https:\/\/boscvidra.com\/es\/wp-json\/wp\/v2\/posts\/2732","targetHints":{"allow":["GET"]}}],"collection":[{"href":"https:\/\/boscvidra.com\/es\/wp-json\/wp\/v2\/posts"}],"about":[{"href":"https:\/\/boscvidra.com\/es\/wp-json\/wp\/v2\/types\/post"}],"author":[{"embeddable":true,"href":"https:\/\/boscvidra.com\/es\/wp-json\/wp\/v2\/users\/1"}],"replies":[{"embeddable":true,"href":"https:\/\/boscvidra.com\/es\/wp-json\/wp\/v2\/comments?post=2732"}],"version-history":[{"count":9,"href":"https:\/\/boscvidra.com\/es\/wp-json\/wp\/v2\/posts\/2732\/revisions"}],"predecessor-version":[{"id":2747,"href":"https:\/\/boscvidra.com\/es\/wp-json\/wp\/v2\/posts\/2732\/revisions\/2747"}],"wp:featuredmedia":[{"embeddable":true,"href":"https:\/\/boscvidra.com\/es\/wp-json\/wp\/v2\/media\/2741"}],"wp:attachment":[{"href":"https:\/\/boscvidra.com\/es\/wp-json\/wp\/v2\/media?parent=2732"}],"wp:term":[{"taxonomy":"category","embeddable":true,"href":"https:\/\/boscvidra.com\/es\/wp-json\/wp\/v2\/categories?post=2732"},{"taxonomy":"post_tag","embeddable":true,"href":"https:\/\/boscvidra.com\/es\/wp-json\/wp\/v2\/tags?post=2732"}],"curies":[{"name":"wp","href":"https:\/\/api.w.org\/{rel}","templated":true}]}}