{"id":1,"date":"2023-10-27T01:53:07","date_gmt":"2023-10-27T01:53:07","guid":{"rendered":"http:\/\/boscvidra.com\/?p=1"},"modified":"2025-02-04T08:57:03","modified_gmt":"2025-02-04T07:57:03","slug":"descobreix-bosc-vidra","status":"publish","type":"post","link":"https:\/\/boscvidra.com\/es\/sobre-bosc-vidra\/descobreix-bosc-vidra\/","title":{"rendered":"Descubre Bosc Vidr\u00e0: Un espacio en la naturaleza para retiros, talleres y eventos corporativos."},"content":{"rendered":"<div class=\"wp-block-uagb-image uagb-block-5a5a2f3d wp-block-uagb-image--layout-default wp-block-uagb-image--effect-static wp-block-uagb-image--align-none\"><figure class=\"wp-block-uagb-image__figure\"><img decoding=\"async\" srcset=\"https:\/\/boscvidra.com\/wp-content\/uploads\/2024\/02\/vila-vella-2-1024x682.webp ,https:\/\/boscvidra.com\/wp-content\/uploads\/2024\/02\/vila-vella-2-jpeg.webp 780w, https:\/\/boscvidra.com\/wp-content\/uploads\/2024\/02\/vila-vella-2-jpeg.webp 360w\" sizes=\"auto, (max-width: 480px) 150px\" src=\"https:\/\/boscvidra.com\/wp-content\/uploads\/2024\/02\/vila-vella-2-1024x682.webp\" alt=\"lloguer d\u2019espais a la natura\" class=\"uag-image-2381\" width=\"1024\" height=\"682\" title=\"lloguer d\u2019espais a la natura\" loading=\"lazy\" role=\"img\"\/><\/figure><\/div>\n\n\n\n<div style=\"height:50px\" aria-hidden=\"true\" class=\"wp-block-spacer\"><\/div>\n\n\n\n<p class=\"translation-block\">Bienvenido\/a a <strong>Bosc Vidr\u00e0<\/strong>, un espacio en la naturaleza creado para ofrecer un entorno inspirador para retiros, talleres, formaciones y eventos corporativos. Situado en Vidr\u00e0, en plena naturaleza de Catalu\u00f1a, nuestro espacio est\u00e1 dise\u00f1ado para profesionales del bienestar, la educaci\u00f3n y empresas que desean invertir en la salud y el desarrollo de su equipo.<\/p>\n\n\n\n<div style=\"height:50px\" aria-hidden=\"true\" class=\"wp-block-spacer\"><\/div>\n\n\n\n<h3 class=\"wp-block-heading\">Un espacio para la conexi\u00f3n y el crecimiento personal.<\/h3>\n\n\n\n<p class=\"translation-block\">En Bosc Vidr\u00e0 ofrecemos un entorno privilegiado para <strong>retiros de bienestar en Catalu\u00f1a<\/strong>, talleres de crecimiento personal y experiencias que fomentan la conexi\u00f3n con la naturaleza. Con un bosque de hayas centenarias, aire puro y tranquilidad absoluta, nuestro espacio es ideal para <strong>yoga, meditaci\u00f3n, ba\u00f1os de bosque y otras actividades de bienestar<\/strong>.<\/p>\n\n\n\n<div style=\"height:50px\" aria-hidden=\"true\" class=\"wp-block-spacer\"><\/div>\n\n\n\n<h3 class=\"wp-block-heading\">Alquiler de espacios en la naturaleza para grupos y formaciones.<\/h3>\n\n\n\n<p class=\"translation-block\">Si eres profesional del bienestar, formador o educador, <strong>Bosc Vidr\u00e0 te proporciona un espacio para formaci\u00f3n al aire libre<\/strong>, aulas y zonas de trabajo en plena naturaleza. Organiza tu taller o curso en un entorno que favorece el aprendizaje y la concentraci\u00f3n.<\/p>\n\n\n\n<div style=\"height:50px\" aria-hidden=\"true\" class=\"wp-block-spacer\"><\/div>\n\n\n\n<h3 class=\"wp-block-heading\">Espacio para empresas y teambuilding en la naturaleza.<\/h3>\n\n\n\n<p class=\"translation-block\">Las empresas que busquen actividades innovadoras para sus equipos encontrar\u00e1n en <strong>Bosc Vidr\u00e0 un lugar perfecto para eventos corporativos al aire libre<\/strong>. Ofrecemos un espacio para <strong>teambuilding en la naturaleza<\/strong>, reuniones creativas y experiencias que promueven el bienestar de los empleados.<\/p>\n\n\n\n<div style=\"height:50px\" aria-hidden=\"true\" class=\"wp-block-spacer\"><\/div>\n\n\n\n<h3 class=\"wp-block-heading\">\u00bfPor qu\u00e9 elegir Bosc Vidr\u00e0?<\/h3>\n\n\n\n<ul class=\"wp-block-list\">\n<li class=\"translation-block\"><strong>Ubicaci\u00f3n privilegiada:<\/strong> En Vidr\u00e0, un entorno natural excepcional en Osona.<\/li>\n\n\n\n<li class=\"translation-block\"><strong>Versatilidad:<\/strong>\u00a0 Adaptado para <strong>alquiler de espacios para grupos en Catalu\u00f1a<\/strong>, tanto para profesionales del bienestar como para empresas.<\/li>\n\n\n\n<li class=\"translation-block\"><strong>Experiencias transformadoras:<\/strong> Desde <strong>reuniones y eventos en entornos naturales<\/strong> hasta talleres de desarrollo personal.<\/li>\n<\/ul>\n\n\n\n<div style=\"height:50px\" aria-hidden=\"true\" class=\"wp-block-spacer\"><\/div>\n\n\n\n<p class=\"translation-block\">Si buscas un espacio donde la naturaleza se convierta en parte esencial de la experiencia, <strong>\u00a1Bosc Vidr\u00e0 te espera!<\/strong><\/p>\n\n\n\n<div style=\"height:50px\" aria-hidden=\"true\" class=\"wp-block-spacer\"><\/div>\n\n\n\n<h3 class=\"wp-block-heading\">Cont\u00e1ctanos<\/h3>\n\n\n\n<p class=\"translation-block\">\u00bfQuieres organizar tu evento o taller con nosotros? <a href=\"https:\/\/boscvidra.com\/es\/contacte\/\" target=\"_self\">Escr\u00edbenos<\/a> y te ayudaremos a crear una experiencia inolvidable.<\/p>\n\n\n\n<p><em>Te esperamos en Bosc Vidr\u00e0, donde la naturaleza y el bienestar se encuentran.<\/em><\/p>\n\n\n\n<p><\/p>","protected":false},"excerpt":{"rendered":"<p>Benvingut\/da a&nbsp;Bosc Vidr\u00e0, un espai a la natura creat per oferir un entorn inspirador per a retirs, tallers, formacions i esdeveniments corporatius. Situat a Vidr\u00e0, en plena natura de Catalunya, [&hellip;]<\/p>\n","protected":false},"author":1,"featured_media":2381,"comment_status":"open","ping_status":"open","sticky":false,"template":"","format":"standard","meta":{"_uag_custom_page_level_css":"","site-sidebar-layout":"default","site-content-layout":"","ast-site-content-layout":"default","site-content-style":"default","site-sidebar-style":"default","ast-global-header-display":"","ast-banner-title-visibility":"","ast-main-header-display":"","ast-hfb-above-header-display":"","ast-hfb-below-header-display":"","ast-hfb-mobile-header-display":"","site-post-title":"","ast-breadcrumbs-content":"","ast-featured-img":"disabled","footer-sml-layout":"","ast-disable-related-posts":"","theme-transparent-header-meta":"","adv-header-id-meta":"","stick-header-meta":"","header-above-stick-meta":"","header-main-stick-meta":"","header-below-stick-meta":"","astra-migrate-meta-layouts":"set","ast-page-background-enabled":"default","ast-page-background-meta":{"desktop":{"background-color":"var(--ast-global-color-4)","background-image":"","background-repeat":"repeat","background-position":"center center","background-size":"auto","background-attachment":"scroll","background-type":"","background-media":"","overlay-type":"","overlay-color":"","overlay-opacity":"","overlay-gradient":""},"tablet":{"background-color":"","background-image":"","background-repeat":"repeat","background-position":"center center","background-size":"auto","background-attachment":"scroll","background-type":"","background-media":"","overlay-type":"","overlay-color":"","overlay-opacity":"","overlay-gradient":""},"mobile":{"background-color":"","background-image":"","background-repeat":"repeat","background-position":"center center","background-size":"auto","background-attachment":"scroll","background-type":"","background-media":"","overlay-type":"","overlay-color":"","overlay-opacity":"","overlay-gradient":""}},"ast-content-background-meta":{"desktop":{"background-color":"var(--ast-global-color-5)","background-image":"","background-repeat":"repeat","background-position":"center center","background-size":"auto","background-attachment":"scroll","background-type":"","background-media":"","overlay-type":"","overlay-color":"","overlay-opacity":"","overlay-gradient":""},"tablet":{"background-color":"var(--ast-global-color-5)","background-image":"","background-repeat":"repeat","background-position":"center center","background-size":"auto","background-attachment":"scroll","background-type":"","background-media":"","overlay-type":"","overlay-color":"","overlay-opacity":"","overlay-gradient":""},"mobile":{"background-color":"var(--ast-global-color-5)","background-image":"","background-repeat":"repeat","background-position":"center center","background-size":"auto","background-attachment":"scroll","background-type":"","background-media":"","overlay-type":"","overlay-color":"","overlay-opacity":"","overlay-gradient":""}},"_EventAllDay":false,"_EventTimezone":"","_EventStartDate":"","_EventEndDate":"","_EventStartDateUTC":"","_EventEndDateUTC":"","_EventShowMap":false,"_EventShowMapLink":false,"_EventURL":"","_EventCost":"","_EventCostDescription":"","_EventCurrencySymbol":"","_EventCurrencyCode":"","_EventCurrencyPosition":"","_EventDateTimeSeparator":"","_EventTimeRangeSeparator":"","_EventOrganizerID":[],"_EventVenueID":[],"_OrganizerEmail":"","_OrganizerPhone":"","_OrganizerWebsite":"","_VenueAddress":"","_VenueCity":"","_VenueCountry":"","_VenueProvince":"","_VenueState":"","_VenueZip":"","_VenuePhone":"","_VenueURL":"","_VenueStateProvince":"","_VenueLat":"","_VenueLng":"","_VenueShowMap":false,"_VenueShowMapLink":false,"footnotes":""},"categories":[13],"tags":[],"class_list":["post-1","post","type-post","status-publish","format-standard","has-post-thumbnail","hentry","category-sobre-bosc-vidra"],"yoast_head":"<!-- This site is optimized with the Yoast SEO plugin v27.4 - https:\/\/yoast.com\/product\/yoast-seo-wordpress\/ -->\n<title>Descobreix Bosc Vidr\u00e0: Un espai a la natura per a retirs, tallers i esdeveniments corporatius - Bosc Vidr\u00e0<\/title>\n<meta name=\"description\" content=\"Descobreix Bosc Vidr\u00e0, un espai \u00fanic a la natura per a retirs, tallers, formacions i esdeveniments corporatius a Catalunya.\" \/>\n<meta name=\"robots\" content=\"index, follow, max-snippet:-1, max-image-preview:large, max-video-preview:-1\" \/>\n<link rel=\"canonical\" href=\"https:\/\/boscvidra.com\/es\/sobre-bosc-vidra\/descobreix-bosc-vidra\/\" \/>\n<meta property=\"og:locale\" content=\"es_ES\" \/>\n<meta property=\"og:type\" content=\"article\" \/>\n<meta property=\"og:title\" content=\"Descobreix Bosc Vidr\u00e0: Un espai a la natura per a retirs, tallers i esdeveniments corporatius - Bosc Vidr\u00e0\" \/>\n<meta property=\"og:description\" content=\"Descobreix Bosc Vidr\u00e0, un espai \u00fanic a la natura per a retirs, tallers, formacions i esdeveniments corporatius a Catalunya.\" \/>\n<meta property=\"og:url\" content=\"https:\/\/boscvidra.com\/es\/sobre-bosc-vidra\/descobreix-bosc-vidra\/\" \/>\n<meta property=\"og:site_name\" content=\"Bosc Vidr\u00e0\" \/>\n<meta property=\"article:publisher\" content=\"https:\/\/www.facebook.com\/profile.php?id=61556356701093&amp;locale=es_ES\" \/>\n<meta property=\"article:published_time\" content=\"2023-10-27T01:53:07+00:00\" \/>\n<meta property=\"article:modified_time\" content=\"2025-02-04T07:57:03+00:00\" \/>\n<meta property=\"og:image\" content=\"https:\/\/boscvidra.com\/wp-content\/uploads\/2024\/02\/vila-vella-2-jpeg.webp\" \/>\n\t<meta property=\"og:image:width\" content=\"1672\" \/>\n\t<meta property=\"og:image:height\" content=\"1114\" \/>\n\t<meta property=\"og:image:type\" content=\"image\/jpeg\" \/>\n<meta name=\"author\" content=\"BoscVidr\u00e0\" \/>\n<meta name=\"twitter:card\" content=\"summary_large_image\" \/>\n<meta name=\"twitter:label1\" content=\"Escrito por\" \/>\n\t<meta name=\"twitter:data1\" content=\"BoscVidr\u00e0\" \/>\n\t<meta name=\"twitter:label2\" content=\"Tiempo de lectura\" \/>\n\t<meta name=\"twitter:data2\" content=\"2 minutos\" \/>\n<script type=\"application\/ld+json\" class=\"yoast-schema-graph\">{\"@context\":\"https:\\\/\\\/schema.org\",\"@graph\":[{\"@type\":\"Article\",\"@id\":\"https:\\\/\\\/boscvidra.com\\\/sobre-bosc-vidra\\\/descobreix-bosc-vidra\\\/#article\",\"isPartOf\":{\"@id\":\"https:\\\/\\\/boscvidra.com\\\/sobre-bosc-vidra\\\/descobreix-bosc-vidra\\\/\"},\"author\":{\"name\":\"BoscVidr\u00e0\",\"@id\":\"https:\\\/\\\/boscvidra.com\\\/#\\\/schema\\\/person\\\/54990dad38eee6c85f46910bec01abe2\"},\"headline\":\"Descobreix Bosc Vidr\u00e0: Un espai a la natura per a retirs, tallers i esdeveniments corporatius\",\"datePublished\":\"2023-10-27T01:53:07+00:00\",\"dateModified\":\"2025-02-04T07:57:03+00:00\",\"mainEntityOfPage\":{\"@id\":\"https:\\\/\\\/boscvidra.com\\\/sobre-bosc-vidra\\\/descobreix-bosc-vidra\\\/\"},\"wordCount\":368,\"commentCount\":0,\"image\":{\"@id\":\"https:\\\/\\\/boscvidra.com\\\/sobre-bosc-vidra\\\/descobreix-bosc-vidra\\\/#primaryimage\"},\"thumbnailUrl\":\"https:\\\/\\\/boscvidra.com\\\/wp-content\\\/uploads\\\/2024\\\/02\\\/vila-vella-2-jpeg.webp\",\"articleSection\":[\"Sobre Bosc Vidr\u00e0\"],\"inLanguage\":\"es\",\"potentialAction\":[{\"@type\":\"CommentAction\",\"name\":\"Comment\",\"target\":[\"https:\\\/\\\/boscvidra.com\\\/sobre-bosc-vidra\\\/descobreix-bosc-vidra\\\/#respond\"]}]},{\"@type\":\"WebPage\",\"@id\":\"https:\\\/\\\/boscvidra.com\\\/sobre-bosc-vidra\\\/descobreix-bosc-vidra\\\/\",\"url\":\"https:\\\/\\\/boscvidra.com\\\/sobre-bosc-vidra\\\/descobreix-bosc-vidra\\\/\",\"name\":\"Descobreix Bosc Vidr\u00e0: Un espai a la natura per a retirs, tallers i esdeveniments corporatius - Bosc Vidr\u00e0\",\"isPartOf\":{\"@id\":\"https:\\\/\\\/boscvidra.com\\\/#website\"},\"primaryImageOfPage\":{\"@id\":\"https:\\\/\\\/boscvidra.com\\\/sobre-bosc-vidra\\\/descobreix-bosc-vidra\\\/#primaryimage\"},\"image\":{\"@id\":\"https:\\\/\\\/boscvidra.com\\\/sobre-bosc-vidra\\\/descobreix-bosc-vidra\\\/#primaryimage\"},\"thumbnailUrl\":\"https:\\\/\\\/boscvidra.com\\\/wp-content\\\/uploads\\\/2024\\\/02\\\/vila-vella-2-jpeg.webp\",\"datePublished\":\"2023-10-27T01:53:07+00:00\",\"dateModified\":\"2025-02-04T07:57:03+00:00\",\"author\":{\"@id\":\"https:\\\/\\\/boscvidra.com\\\/#\\\/schema\\\/person\\\/54990dad38eee6c85f46910bec01abe2\"},\"description\":\"Descobreix Bosc Vidr\u00e0, un espai \u00fanic a la natura per a retirs, tallers, formacions i esdeveniments corporatius a Catalunya.\",\"breadcrumb\":{\"@id\":\"https:\\\/\\\/boscvidra.com\\\/sobre-bosc-vidra\\\/descobreix-bosc-vidra\\\/#breadcrumb\"},\"inLanguage\":\"es\",\"potentialAction\":[{\"@type\":\"ReadAction\",\"target\":[\"https:\\\/\\\/boscvidra.com\\\/sobre-bosc-vidra\\\/descobreix-bosc-vidra\\\/\"]}]},{\"@type\":\"ImageObject\",\"inLanguage\":\"es\",\"@id\":\"https:\\\/\\\/boscvidra.com\\\/sobre-bosc-vidra\\\/descobreix-bosc-vidra\\\/#primaryimage\",\"url\":\"https:\\\/\\\/boscvidra.com\\\/wp-content\\\/uploads\\\/2024\\\/02\\\/vila-vella-2-jpeg.webp\",\"contentUrl\":\"https:\\\/\\\/boscvidra.com\\\/wp-content\\\/uploads\\\/2024\\\/02\\\/vila-vella-2-jpeg.webp\",\"width\":1672,\"height\":1114,\"caption\":\"lloguer d\u2019espais a la natura\"},{\"@type\":\"BreadcrumbList\",\"@id\":\"https:\\\/\\\/boscvidra.com\\\/sobre-bosc-vidra\\\/descobreix-bosc-vidra\\\/#breadcrumb\",\"itemListElement\":[{\"@type\":\"ListItem\",\"position\":1,\"name\":\"Portada\",\"item\":\"https:\\\/\\\/boscvidra.com\\\/\"},{\"@type\":\"ListItem\",\"position\":2,\"name\":\"Descobreix Bosc Vidr\u00e0: Un espai a la natura per a retirs, tallers i esdeveniments corporatius\"}]},{\"@type\":\"WebSite\",\"@id\":\"https:\\\/\\\/boscvidra.com\\\/#website\",\"url\":\"https:\\\/\\\/boscvidra.com\\\/\",\"name\":\"Bosc Vidr\u00e0\",\"description\":\"Bosc Vidr\u00e0\",\"potentialAction\":[{\"@type\":\"SearchAction\",\"target\":{\"@type\":\"EntryPoint\",\"urlTemplate\":\"https:\\\/\\\/boscvidra.com\\\/?s={search_term_string}\"},\"query-input\":{\"@type\":\"PropertyValueSpecification\",\"valueRequired\":true,\"valueName\":\"search_term_string\"}}],\"inLanguage\":\"es\"},{\"@type\":\"Person\",\"@id\":\"https:\\\/\\\/boscvidra.com\\\/#\\\/schema\\\/person\\\/54990dad38eee6c85f46910bec01abe2\",\"name\":\"BoscVidr\u00e0\",\"image\":{\"@type\":\"ImageObject\",\"inLanguage\":\"es\",\"@id\":\"https:\\\/\\\/secure.gravatar.com\\\/avatar\\\/11b024289cb3d6499fc8d099be357d12fd7ccce82f8a6947408acbfbc4a252c4?s=96&d=mm&r=g\",\"url\":\"https:\\\/\\\/secure.gravatar.com\\\/avatar\\\/11b024289cb3d6499fc8d099be357d12fd7ccce82f8a6947408acbfbc4a252c4?s=96&d=mm&r=g\",\"contentUrl\":\"https:\\\/\\\/secure.gravatar.com\\\/avatar\\\/11b024289cb3d6499fc8d099be357d12fd7ccce82f8a6947408acbfbc4a252c4?s=96&d=mm&r=g\",\"caption\":\"BoscVidr\u00e0\"},\"sameAs\":[\"http:\\\/\\\/boscvidra.com\"],\"url\":\"https:\\\/\\\/boscvidra.com\\\/es\\\/author\\\/admin\\\/\"}]}<\/script>\n<!-- \/ Yoast SEO plugin. -->","yoast_head_json":{"title":"Descobreix Bosc Vidr\u00e0: Un espai a la natura per a retirs, tallers i esdeveniments corporatius - Bosc Vidr\u00e0","description":"Descobreix Bosc Vidr\u00e0, un espai \u00fanic a la natura per a retirs, tallers, formacions i esdeveniments corporatius a Catalunya.","robots":{"index":"index","follow":"follow","max-snippet":"max-snippet:-1","max-image-preview":"max-image-preview:large","max-video-preview":"max-video-preview:-1"},"canonical":"https:\/\/boscvidra.com\/es\/sobre-bosc-vidra\/descobreix-bosc-vidra\/","og_locale":"es_ES","og_type":"article","og_title":"Descobreix Bosc Vidr\u00e0: Un espai a la natura per a retirs, tallers i esdeveniments corporatius - Bosc Vidr\u00e0","og_description":"Descobreix Bosc Vidr\u00e0, un espai \u00fanic a la natura per a retirs, tallers, formacions i esdeveniments corporatius a Catalunya.","og_url":"https:\/\/boscvidra.com\/es\/sobre-bosc-vidra\/descobreix-bosc-vidra\/","og_site_name":"Bosc Vidr\u00e0","article_publisher":"https:\/\/www.facebook.com\/profile.php?id=61556356701093&locale=es_ES","article_published_time":"2023-10-27T01:53:07+00:00","article_modified_time":"2025-02-04T07:57:03+00:00","og_image":[{"width":1672,"height":1114,"url":"https:\/\/boscvidra.com\/wp-content\/uploads\/2024\/02\/vila-vella-2-jpeg.webp","type":"image\/jpeg"}],"author":"BoscVidr\u00e0","twitter_card":"summary_large_image","twitter_misc":{"Escrito por":"BoscVidr\u00e0","Tiempo de lectura":"2 minutos"},"schema":{"@context":"https:\/\/schema.org","@graph":[{"@type":"Article","@id":"https:\/\/boscvidra.com\/sobre-bosc-vidra\/descobreix-bosc-vidra\/#article","isPartOf":{"@id":"https:\/\/boscvidra.com\/sobre-bosc-vidra\/descobreix-bosc-vidra\/"},"author":{"name":"BoscVidr\u00e0","@id":"https:\/\/boscvidra.com\/#\/schema\/person\/54990dad38eee6c85f46910bec01abe2"},"headline":"Descobreix Bosc Vidr\u00e0: Un espai a la natura per a retirs, tallers i esdeveniments corporatius","datePublished":"2023-10-27T01:53:07+00:00","dateModified":"2025-02-04T07:57:03+00:00","mainEntityOfPage":{"@id":"https:\/\/boscvidra.com\/sobre-bosc-vidra\/descobreix-bosc-vidra\/"},"wordCount":368,"commentCount":0,"image":{"@id":"https:\/\/boscvidra.com\/sobre-bosc-vidra\/descobreix-bosc-vidra\/#primaryimage"},"thumbnailUrl":"https:\/\/boscvidra.com\/wp-content\/uploads\/2024\/02\/vila-vella-2-jpeg.webp","articleSection":["Sobre Bosc Vidr\u00e0"],"inLanguage":"es","potentialAction":[{"@type":"CommentAction","name":"Comment","target":["https:\/\/boscvidra.com\/sobre-bosc-vidra\/descobreix-bosc-vidra\/#respond"]}]},{"@type":"WebPage","@id":"https:\/\/boscvidra.com\/sobre-bosc-vidra\/descobreix-bosc-vidra\/","url":"https:\/\/boscvidra.com\/sobre-bosc-vidra\/descobreix-bosc-vidra\/","name":"Descobreix Bosc Vidr\u00e0: Un espai a la natura per a retirs, tallers i esdeveniments corporatius - Bosc Vidr\u00e0","isPartOf":{"@id":"https:\/\/boscvidra.com\/#website"},"primaryImageOfPage":{"@id":"https:\/\/boscvidra.com\/sobre-bosc-vidra\/descobreix-bosc-vidra\/#primaryimage"},"image":{"@id":"https:\/\/boscvidra.com\/sobre-bosc-vidra\/descobreix-bosc-vidra\/#primaryimage"},"thumbnailUrl":"https:\/\/boscvidra.com\/wp-content\/uploads\/2024\/02\/vila-vella-2-jpeg.webp","datePublished":"2023-10-27T01:53:07+00:00","dateModified":"2025-02-04T07:57:03+00:00","author":{"@id":"https:\/\/boscvidra.com\/#\/schema\/person\/54990dad38eee6c85f46910bec01abe2"},"description":"Descobreix Bosc Vidr\u00e0, un espai \u00fanic a la natura per a retirs, tallers, formacions i esdeveniments corporatius a Catalunya.","breadcrumb":{"@id":"https:\/\/boscvidra.com\/sobre-bosc-vidra\/descobreix-bosc-vidra\/#breadcrumb"},"inLanguage":"es","potentialAction":[{"@type":"ReadAction","target":["https:\/\/boscvidra.com\/sobre-bosc-vidra\/descobreix-bosc-vidra\/"]}]},{"@type":"ImageObject","inLanguage":"es","@id":"https:\/\/boscvidra.com\/sobre-bosc-vidra\/descobreix-bosc-vidra\/#primaryimage","url":"https:\/\/boscvidra.com\/wp-content\/uploads\/2024\/02\/vila-vella-2-jpeg.webp","contentUrl":"https:\/\/boscvidra.com\/wp-content\/uploads\/2024\/02\/vila-vella-2-jpeg.webp","width":1672,"height":1114,"caption":"lloguer d\u2019espais a la natura"},{"@type":"BreadcrumbList","@id":"https:\/\/boscvidra.com\/sobre-bosc-vidra\/descobreix-bosc-vidra\/#breadcrumb","itemListElement":[{"@type":"ListItem","position":1,"name":"Portada","item":"https:\/\/boscvidra.com\/"},{"@type":"ListItem","position":2,"name":"Descobreix Bosc Vidr\u00e0: Un espai a la natura per a retirs, tallers i esdeveniments corporatius"}]},{"@type":"WebSite","@id":"https:\/\/boscvidra.com\/#website","url":"https:\/\/boscvidra.com\/","name":"Bosc Vidr\u00e0","description":"Bosc Vidr\u00e0","potentialAction":[{"@type":"SearchAction","target":{"@type":"EntryPoint","urlTemplate":"https:\/\/boscvidra.com\/?s={search_term_string}"},"query-input":{"@type":"PropertyValueSpecification","valueRequired":true,"valueName":"search_term_string"}}],"inLanguage":"es"},{"@type":"Person","@id":"https:\/\/boscvidra.com\/#\/schema\/person\/54990dad38eee6c85f46910bec01abe2","name":"BoscVidr\u00e0","image":{"@type":"ImageObject","inLanguage":"es","@id":"https:\/\/secure.gravatar.com\/avatar\/11b024289cb3d6499fc8d099be357d12fd7ccce82f8a6947408acbfbc4a252c4?s=96&d=mm&r=g","url":"https:\/\/secure.gravatar.com\/avatar\/11b024289cb3d6499fc8d099be357d12fd7ccce82f8a6947408acbfbc4a252c4?s=96&d=mm&r=g","contentUrl":"https:\/\/secure.gravatar.com\/avatar\/11b024289cb3d6499fc8d099be357d12fd7ccce82f8a6947408acbfbc4a252c4?s=96&d=mm&r=g","caption":"BoscVidr\u00e0"},"sameAs":["http:\/\/boscvidra.com"],"url":"https:\/\/boscvidra.com\/es\/author\/admin\/"}]}},"uagb_featured_image_src":{"full":["https:\/\/boscvidra.com\/wp-content\/uploads\/2024\/02\/vila-vella-2-jpeg.webp",1672,1114,false],"thumbnail":["https:\/\/boscvidra.com\/wp-content\/uploads\/2024\/02\/vila-vella-2-150x150.webp",150,150,true],"medium":["https:\/\/boscvidra.com\/wp-content\/uploads\/2024\/02\/vila-vella-2-300x200.webp",300,200,true],"medium_large":["https:\/\/boscvidra.com\/wp-content\/uploads\/2024\/02\/vila-vella-2-768x512.webp",768,512,true],"large":["https:\/\/boscvidra.com\/wp-content\/uploads\/2024\/02\/vila-vella-2-1024x682.webp",1024,682,true],"1536x1536":["https:\/\/boscvidra.com\/wp-content\/uploads\/2024\/02\/vila-vella-2-1536x1023.webp",1536,1023,true],"2048x2048":["https:\/\/boscvidra.com\/wp-content\/uploads\/2024\/02\/vila-vella-2-jpeg.webp",1672,1114,false],"trp-custom-language-flag":["https:\/\/boscvidra.com\/wp-content\/uploads\/2024\/02\/vila-vella-2-18x12.webp",18,12,true]},"uagb_author_info":{"display_name":"BoscVidr\u00e0","author_link":"https:\/\/boscvidra.com\/es\/author\/admin\/"},"uagb_comment_info":0,"uagb_excerpt":"Benvingut\/da a&nbsp;Bosc Vidr\u00e0, un espai a la natura creat per oferir un entorn inspirador per a retirs, tallers, formacions i esdeveniments corporatius. Situat a Vidr\u00e0, en plena natura de Catalunya, [&hellip;]","_links":{"self":[{"href":"https:\/\/boscvidra.com\/es\/wp-json\/wp\/v2\/posts\/1","targetHints":{"allow":["GET"]}}],"collection":[{"href":"https:\/\/boscvidra.com\/es\/wp-json\/wp\/v2\/posts"}],"about":[{"href":"https:\/\/boscvidra.com\/es\/wp-json\/wp\/v2\/types\/post"}],"author":[{"embeddable":true,"href":"https:\/\/boscvidra.com\/es\/wp-json\/wp\/v2\/users\/1"}],"replies":[{"embeddable":true,"href":"https:\/\/boscvidra.com\/es\/wp-json\/wp\/v2\/comments?post=1"}],"version-history":[{"count":8,"href":"https:\/\/boscvidra.com\/es\/wp-json\/wp\/v2\/posts\/1\/revisions"}],"predecessor-version":[{"id":2689,"href":"https:\/\/boscvidra.com\/es\/wp-json\/wp\/v2\/posts\/1\/revisions\/2689"}],"wp:featuredmedia":[{"embeddable":true,"href":"https:\/\/boscvidra.com\/es\/wp-json\/wp\/v2\/media\/2381"}],"wp:attachment":[{"href":"https:\/\/boscvidra.com\/es\/wp-json\/wp\/v2\/media?parent=1"}],"wp:term":[{"taxonomy":"category","embeddable":true,"href":"https:\/\/boscvidra.com\/es\/wp-json\/wp\/v2\/categories?post=1"},{"taxonomy":"post_tag","embeddable":true,"href":"https:\/\/boscvidra.com\/es\/wp-json\/wp\/v2\/tags?post=1"}],"curies":[{"name":"wp","href":"https:\/\/api.w.org\/{rel}","templated":true}]}}