{"id":2509,"global_id":"boscvidra.com\/es?id=2509","global_id_lineage":["boscvidra.com\/es?id=2509"],"author":"1","status":"publish","date":"2024-03-05 16:01:57","date_utc":"2024-03-05 16:01:57","modified":"2024-03-05 16:01:57","modified_utc":"2024-03-05 16:01:57","url":"https:\/\/boscvidra.com\/es\/evento\/banys-de-bosc-amb-berta-2\/","rest_url":"https:\/\/boscvidra.com\/es\/wp-json\/tribe\/events\/v1\/events\/2509","title":"Banys de Bosc amb Berta","description":"<div  class=\"tribe-events-schedule tribe-clearfix\" >\n\t<p class=\"tribe-events-schedule__datetime\">\n\t\t<span class=\"tribe-events-schedule__date tribe-events-schedule__date--start\">\n\t\t\t\t\t<\/span>\n\n\t\t\t\t\t<span class=\"tribe-events-schedule__separator tribe-events-schedule__separator--date\">\n\t\t\t\t , \t\t\t<\/span>\n\t\t\t<span class=\"tribe-events-schedule__time tribe-events-schedule__time--start\">\n\t\t\t\t\t\t\t<\/span>\n\t\t\n\t\t\t<\/p>\n<\/div>\n\n\n\n\n<div class=\"\" data-block=\"true\" data-editor=\"7r8m\" data-offset-key=\"9p4ns-0-0\">\n<div class=\"public-DraftStyleDefault-block public-DraftStyleDefault-ltr\" data-offset-key=\"9p4ns-0-0\">\n<p>Bany de Bosc \u00e9s una immersi\u00f3 conscient en la naturalesa que ens ajuda a baixar el nivell d&#8217;estr\u00e8s i ansietat i augmentar la sensaci\u00f3 d&#8217;harmonia i benestar.<\/p>\n<\/p>\n<p><strong>Horari:<\/strong>\u00a010 &#8211; 16 hores<\/p>\n<p><strong>Lloc:<\/strong>\u00a0Les Torrenteres, Vidr\u00e0<\/p>\n<p><strong>M\u00e9s informaci\u00f3 i reserves:<\/strong>\u00a0bertabanysdebosc@gmail.com i +34 665 23 13 97<\/p>\n<\/div>\n<\/div>","excerpt":"","slug":"banys-de-bosc-amb-berta-2","image":{"url":"https:\/\/boscvidra.com\/wp-content\/uploads\/2023\/11\/ElCavallerdeVidra-30.jpeg","id":918,"extension":"jpeg","width":1820,"height":1365,"filesize":829670,"sizes":{"medium":{"width":300,"height":225,"mime-type":"image\/jpeg","filesize":17940,"url":"https:\/\/boscvidra.com\/wp-content\/uploads\/2023\/11\/ElCavallerdeVidra-30-300x225.jpeg"},"large":{"width":1024,"height":768,"mime-type":"image\/jpeg","filesize":159241,"url":"https:\/\/boscvidra.com\/wp-content\/uploads\/2023\/11\/ElCavallerdeVidra-30-1024x768.jpeg"},"thumbnail":{"width":150,"height":150,"mime-type":"image\/jpeg","filesize":7897,"url":"https:\/\/boscvidra.com\/wp-content\/uploads\/2023\/11\/ElCavallerdeVidra-30-150x150.jpeg"},"medium_large":{"width":768,"height":576,"mime-type":"image\/jpeg","filesize":93335,"url":"https:\/\/boscvidra.com\/wp-content\/uploads\/2023\/11\/ElCavallerdeVidra-30-768x576.jpeg"},"1536x1536":{"width":1536,"height":1152,"mime-type":"image\/jpeg","filesize":335034,"url":"https:\/\/boscvidra.com\/wp-content\/uploads\/2023\/11\/ElCavallerdeVidra-30-1536x1152.jpeg"}}},"all_day":false,"start_date":"2024-04-28 10:00:00","start_date_details":{"year":"2024","month":"04","day":"28","hour":"10","minutes":"00","seconds":"00"},"end_date":"2024-04-28 16:00:00","end_date_details":{"year":"2024","month":"04","day":"28","hour":"16","minutes":"00","seconds":"00"},"utc_start_date":"2024-04-28 08:00:00","utc_start_date_details":{"year":"2024","month":"04","day":"28","hour":"08","minutes":"00","seconds":"00"},"utc_end_date":"2024-04-28 14:00:00","utc_end_date_details":{"year":"2024","month":"04","day":"28","hour":"14","minutes":"00","seconds":"00"},"timezone":"UTC+1","timezone_abbr":"UTC+0","cost":"55\u20ac","cost_details":{"currency_symbol":"\u20ac","currency_code":"","currency_position":"suffix","values":["55"]},"website":"","show_map":true,"show_map_link":true,"hide_from_listings":false,"sticky":false,"featured":false,"categories":[],"tags":[],"venue":[],"organizer":[],"custom_fields":[],"json_ld":{"@context":"http:\/\/schema.org","@type":"Event","name":"Banys de Bosc amb Berta","description":"&lt;p&gt;Bany de Bosc \u00e9s una immersi\u00f3 conscient en la naturalesa que ens ajuda a baixar el nivell d\\'estr\u00e8s i ansietat i augmentar la sensaci\u00f3 d\\'harmonia i benestar. Horari:\u00a010 - 16 [&hellip;]&lt;\/p&gt;\\n","image":"https:\/\/boscvidra.com\/wp-content\/uploads\/2023\/11\/ElCavallerdeVidra-30.jpeg","url":"https:\/\/boscvidra.com\/es\/evento\/banys-de-bosc-amb-berta-2\/","eventAttendanceMode":"https:\/\/schema.org\/OfflineEventAttendanceMode","eventStatus":"https:\/\/schema.org\/EventScheduled","startDate":"2024-04-28T10:00:00+01:00","endDate":"2024-04-28T16:00:00+01:00","offers":{"@type":"Offer","price":"55","priceCurrency":"EUR","url":"https:\/\/boscvidra.com\/es\/evento\/banys-de-bosc-amb-berta-2\/","category":"primary","availability":"inStock","validFrom":"1970-01-01T00:00:00+00:00"},"performer":"Organization"}}